{"id":663,"date":"2025-07-19T17:18:42","date_gmt":"2025-07-19T17:18:42","guid":{"rendered":"https:\/\/iraildobarbosa.com.br\/cartoes\/?p=663"},"modified":"2025-07-19T17:18:44","modified_gmt":"2025-07-19T17:18:44","slug":"por-que-a-aba-prejuizo-do-registrato-foi-encerrada-entenda-tudo-agora","status":"publish","type":"post","link":"https:\/\/iraildobarbosa.com.br\/cartoes\/por-que-a-aba-prejuizo-do-registrato-foi-encerrada-entenda-tudo-agora\/","title":{"rendered":"Por que a aba preju\u00edzo do Registrato foi encerrada? Entenda tudo agora"},"content":{"rendered":"\n<p>Em 2024, milhares de brasileiros notaram uma mudan\u00e7a repentina no sistema <strong>Registrato<\/strong> do <a href=\"https:\/\/www.bcb.gov.br\/\" target=\"_blank\" rel=\"noreferrer noopener\">Banco Central<\/a>: <strong>a aba preju\u00edzo do Registrato foi encerrada<\/strong>.Entretanto essa funcionalidade era muito utilizada por quem queria acompanhar poss\u00edveis perdas financeiras, d\u00edvidas vencidas ou at\u00e9 mesmo restri\u00e7\u00f5es em seu nome.<\/p>\n\n\n\n<p>Mas por que isso aconteceu? Foi erro? Vai voltar? Como acompanhar seus preju\u00edzos agora?<\/p>\n\n\n\n<p>Se voc\u00ea tamb\u00e9m ficou com d\u00favidas e quer entender isso de forma clara, direta e sem enrola\u00e7\u00e3o, este artigo \u00e9 para voc\u00ea.<\/p>\n\n\n\n<hr class=\"wp-block-separator has-alpha-channel-opacity\"\/>\n\n\n\n<h2 class=\"wp-block-heading\" id=\"h-o-que-e-o-registrato-do-banco-central\"><strong>O que \u00e9 o Registrato do Banco Central?<\/strong><\/h2>\n\n\n\n<p>O <strong>Registrato<\/strong> \u00e9 um sistema gratuito criado pelo <strong>Banco Central do Brasil<\/strong>.Contudo Ele re\u00fane informa\u00e7\u00f5es sobre sua <strong>vida financeira<\/strong>, como:<\/p>\n\n\n\n<ul class=\"wp-block-list\">\n<li>Contas em bancos e financeiras.<\/li>\n\n\n\n<li>Cart\u00f5es de cr\u00e9dito.<\/li>\n\n\n\n<li>Empr\u00e9stimos e financiamentos.<\/li>\n\n\n\n<li>D\u00edvidas vencidas e n\u00e3o pagas.<\/li>\n\n\n\n<li>Opera\u00e7\u00f5es de c\u00e2mbio (compra de d\u00f3lar, por exemplo).<\/li>\n\n\n\n<li>E tamb\u00e9m \u2014 at\u00e9 pouco tempo atr\u00e1s \u2014 <strong>preju\u00edzos financeiros<\/strong>.<\/li>\n<\/ul>\n\n\n\n<p>Era um verdadeiro <strong>mapa da sua vida financeira<\/strong>. S\u00f3 que uma das abas mais acessadas, a chamada \u201c<strong>Preju\u00edzo<\/strong>\u201d, <strong>foi retirada do ar<\/strong>, e isso gerou confus\u00e3o para muita gente.<\/p>\n\n\n\n<p><strong>LEIA TAMB\u00c9M:<\/strong> <a href=\"https:\/\/iraildobarbosa.com.br\/cartoes\/mercado-pago-solicita-licenca-bancaria-ao-banco-central-da-argentina-e-reestrutura-presenca-financeira-no-pais\/\" target=\"_blank\" rel=\"noreferrer noopener\">Mercado Pago Solicita Licen\u00e7a Banc\u00e1ria ao Banco Central da Argentina e Reestrutura Presen\u00e7a Financeira no Pa\u00eds<\/a><\/p>\n\n\n\n<hr class=\"wp-block-separator has-alpha-channel-opacity\"\/>\n\n\n\n<h2 class=\"wp-block-heading\" id=\"h-a-aba-prejuizo-do-registrato-foi-encerrada-o-que-isso-significa-na-pratica\"><strong>A aba preju\u00edzo do Registrato foi encerrada: o que isso significa na pr\u00e1tica?<\/strong><\/h2>\n\n\n\n<p>Logo no in\u00edcio de 2024, ao acessar o Registrato, muitos usu\u00e1rios notaram: <strong>a aba \u201cPreju\u00edzo\u201d simplesmente desapareceu<\/strong>. Nenhum aviso pr\u00e9vio, nenhuma explica\u00e7\u00e3o clara. Quem j\u00e1 usava essa fun\u00e7\u00e3o com frequ\u00eancia ficou sem ch\u00e3o.<\/p>\n\n\n\n<p>Isso significa que:<\/p>\n\n\n\n<ul class=\"wp-block-list\">\n<li>Voc\u00ea <strong>n\u00e3o consegue mais ver de forma centralizada<\/strong> quais d\u00edvidas foram registradas como \u201cpreju\u00edzo\u201d pelas institui\u00e7\u00f5es financeiras.<\/li>\n\n\n\n<li><strong>Bancos e financeiras ainda t\u00eam acesso<\/strong> a essas informa\u00e7\u00f5es por outros meios.<\/li>\n\n\n\n<li>O <strong>cidad\u00e3o comum perdeu um canal importante<\/strong> de controle e transpar\u00eancia.<\/li>\n<\/ul>\n\n\n\n<p>Essa aba era usada principalmente para verificar se alguma d\u00edvida antiga estava sendo registrada como perda no sistema banc\u00e1rio. Isso era \u00fatil para negociar, limpar o nome e at\u00e9 saber se havia fraudes.<\/p>\n\n\n\n<hr class=\"wp-block-separator has-alpha-channel-opacity\"\/>\n\n\n\n<h2 class=\"wp-block-heading\" id=\"h-por-que-o-banco-central-removeu-essa-aba\"><strong>Por que o Banco Central removeu essa aba?<\/strong><\/h2>\n\n\n\n<p>O <strong>Banco Central<\/strong> n\u00e3o se manifestou diretamente com um comunicado oficial detalhado sobre o encerramento da aba. Por\u00e9m, fontes do mercado apontam alguns <strong>motivos poss\u00edveis<\/strong>:<\/p>\n\n\n\n<h3 class=\"wp-block-heading\" id=\"h-1-problemas-com-a-interpretacao-da-informacao\"><strong>1. Problemas com a interpreta\u00e7\u00e3o da informa\u00e7\u00e3o<\/strong><\/h3>\n\n\n\n<p>Muitas pessoas n\u00e3o entendiam direito o que era \u201cpreju\u00edzo\u201d. Achavam que a d\u00edvida tinha prescrito ou que o nome estava limpo \u2014 o que nem sempre era verdade.<\/p>\n\n\n\n<p>O resultado? Muita confus\u00e3o, gente deixando de pagar d\u00edvidas achando que elas tinham sido \u201cperdoadas\u201d.<\/p>\n\n\n\n<h3 class=\"wp-block-heading\" id=\"h-2-conflito-com-a-lgpd-lei-geral-de-protecao-de-dados\"><strong>2. Conflito com a LGPD (Lei Geral de Prote\u00e7\u00e3o de Dados)<\/strong><\/h3>\n\n\n\n<p>Algumas informa\u00e7\u00f5es que apareciam na aba poderiam <strong>ferir os princ\u00edpios de privacidade<\/strong> estabelecidos pela LGPD, como o uso de dados sens\u00edveis sem o devido consentimento ou sem necessidade real.<\/p>\n\n\n\n<h3 class=\"wp-block-heading\" id=\"h-3-reestruturacao-do-sistema-registrato\"><strong>3. Reestrutura\u00e7\u00e3o do sistema Registrato<\/strong><\/h3>\n\n\n\n<p>O Banco Central tem reformulado a forma como apresenta informa\u00e7\u00f5es ao cidad\u00e3o. A inten\u00e7\u00e3o seria <strong>integrar essas informa\u00e7\u00f5es de preju\u00edzo<\/strong> em outro tipo de relat\u00f3rio ou deixar somente para consulta interna das institui\u00e7\u00f5es.<\/p>\n\n\n\n<hr class=\"wp-block-separator has-alpha-channel-opacity\"\/>\n\n\n\n<h2 class=\"wp-block-heading\" id=\"h-como-saber-agora-se-ha-prejuizos-registrados-em-seu-nome\"><strong>Como saber agora se h\u00e1 preju\u00edzos registrados em seu nome?<\/strong><\/h2>\n\n\n\n<p>Apesar da remo\u00e7\u00e3o da aba, <strong>a informa\u00e7\u00e3o sobre preju\u00edzos ainda existe<\/strong>. O que mudou foi o <strong>acesso direto pelo Registrato<\/strong>. Veja alternativas para se informar:<\/p>\n\n\n\n<h3 class=\"wp-block-heading\" id=\"h-1-consultar-os-biros-de-credito-spc-serasa-boa-vista\"><strong>1. Consultar os bir\u00f4s de cr\u00e9dito (SPC, Serasa, Boa Vista)<\/strong><\/h3>\n\n\n\n<p>Essas empresas mostram se existe <strong>d\u00edvida negativada<\/strong> ou protestos em seu nome.<\/p>\n\n\n\n<p>Mas aten\u00e7\u00e3o: nem todo preju\u00edzo registrado aparece como d\u00edvida ativa nesses sites. Algumas s\u00f3 constavam no Registrato.<\/p>\n\n\n\n<h3 class=\"wp-block-heading\" id=\"h-2-solicitar-diretamente-aos-bancos-e-financeiras\"><strong>2. Solicitar diretamente aos bancos e financeiras<\/strong><\/h3>\n\n\n\n<p>Voc\u00ea pode enviar um pedido de <strong>informa\u00e7\u00f5es sobre preju\u00edzos<\/strong> diretamente para os bancos com os quais teve relacionamento. Pela <strong>LGPD<\/strong>, voc\u00ea tem o direito de saber como seus dados est\u00e3o sendo usados.<\/p>\n\n\n\n<h3 class=\"wp-block-heading\" id=\"h-3-consultar-relatorios-de-credito-completos\"><strong>3. Consultar relat\u00f3rios de cr\u00e9dito completos<\/strong><\/h3>\n\n\n\n<p>Plataformas como a <strong>Serasa Premium<\/strong> e a <strong>Quod<\/strong> <strong>incluem nos relat\u00f3rios anota\u00e7\u00f5es semelhantes \u00e0s da antiga aba \u201cPreju\u00edzo\u201d<\/strong>.<\/p>\n\n\n\n<hr class=\"wp-block-separator has-alpha-channel-opacity\"\/>\n\n\n\n<h2 class=\"wp-block-heading\" id=\"h-a-aba-prejuizo-do-registrato-vai-voltar\"><strong>A aba preju\u00edzo do Registrato vai voltar?<\/strong><\/h2>\n\n\n\n<p>At\u00e9 o momento, <strong>n\u00e3o h\u00e1 confirma\u00e7\u00e3o oficial<\/strong> de que a aba voltar\u00e1. O Banco Central est\u00e1 reformulando os servi\u00e7os digitais e pode:<\/p>\n\n\n\n<ul class=\"wp-block-list\">\n<li><strong>Incorporar a fun\u00e7\u00e3o em outro tipo de relat\u00f3rio<\/strong>.<\/li>\n\n\n\n<li><strong>Permitir que bancos acessem, mas sem disponibilizar para o p\u00fablico<\/strong>.<\/li>\n\n\n\n<li><strong>Criar novos filtros e relat\u00f3rios em conformidade com a LGPD<\/strong>.<\/li>\n<\/ul>\n\n\n\n<p>Enquanto isso, \u00e9 preciso recorrer a outras fontes de informa\u00e7\u00e3o \u2014 o que \u00e9 um retrocesso, na opini\u00e3o de muitos especialistas.<\/p>\n\n\n\n<hr class=\"wp-block-separator has-alpha-channel-opacity\"\/>\n\n\n\n<h2 class=\"wp-block-heading\" id=\"h-por-que-isso-preocupa-os-consumidores\"><strong>Por que isso preocupa os consumidores?<\/strong><\/h2>\n\n\n\n<p>A aba de preju\u00edzos dava poder ao cidad\u00e3o. Era como uma lanterna no escuro da vida financeira. Sem ela, muitas pessoas se sentem perdidas.<\/p>\n\n\n\n<p>Veja exemplos reais:<\/p>\n\n\n\n<ul class=\"wp-block-list\">\n<li>Jo\u00e3o, de 34 anos, tinha uma d\u00edvida antiga com um banco, mas achava que estava \u201climpo\u201d. No Registrato, viu que o banco ainda a registrava como preju\u00edzo.Mesmo assim Com essa informa\u00e7\u00e3o, ele procurou o banco e <strong>conseguiu negociar um bom desconto<\/strong>.<\/li>\n\n\n\n<li>Ana, aposentada, descobriu pelo Registrato que uma financeira tinha lan\u00e7ado um preju\u00edzo que ela <strong>nunca tinha contratado<\/strong>. Foi fraude.Todavia Gra\u00e7as ao sistema, ela <strong>conseguiu agir a tempo.<\/strong><\/li>\n<\/ul>\n\n\n\n<p>Sem essa aba, esses casos talvez nunca fossem descobertos.<\/p>\n\n\n\n<hr class=\"wp-block-separator has-alpha-channel-opacity\"\/>\n\n\n\n<h2 class=\"wp-block-heading\" id=\"h-o-que-podemos-fazer-diante-disso\"><strong>O que podemos fazer diante disso?<\/strong><\/h2>\n\n\n\n<p>Mesmo com o encerramento da aba, <strong>h\u00e1 caminhos para continuar se protegendo<\/strong>:<\/p>\n\n\n\n<ul class=\"wp-block-list\">\n<li><strong>Monitore seu CPF com frequ\u00eancia.<\/strong> Use ferramentas como Serasa, SPC, Boa Vista e Quod.<\/li>\n\n\n\n<li><strong>Pe\u00e7a relat\u00f3rios para seus bancos<\/strong>, especialmente se teve problemas financeiros no passado.<\/li>\n\n\n\n<li><strong>Exer\u00e7a seus direitos pela LGPD<\/strong>. Toda empresa \u00e9 obrigada a te informar como seus dados est\u00e3o sendo usados.<\/li>\n\n\n\n<li><strong>Acompanhe atualiza\u00e7\u00f5es do Banco Central<\/strong>. Mudan\u00e7as no Registrato podem surgir a qualquer momento.<\/li>\n\n\n\n<li><strong>Mantenha suas finan\u00e7as organizadas.<\/strong> Anote d\u00edvidas antigas, datas de renegocia\u00e7\u00e3o, acordos pagos, entre outros.<\/li>\n<\/ul>\n\n\n\n<hr class=\"wp-block-separator has-alpha-channel-opacity\"\/>\n\n\n\n<h2 class=\"wp-block-heading\" id=\"h-consideracoes-finais\"><strong>Considera\u00e7\u00f5es finais<\/strong><\/h2>\n\n\n\n<p>Em resumo, A remo\u00e7\u00e3o da <strong>aba preju\u00edzo do Registrato<\/strong> foi uma perda importante para quem busca transpar\u00eancia e controle sobre sua vida financeira. Ainda que o objetivo tenha sido ajustar o sistema \u00e0 legisla\u00e7\u00e3o ou torn\u00e1-lo mais seguro, <strong>faltou comunica\u00e7\u00e3o clara<\/strong> e respeito com o cidad\u00e3o.<\/p>\n\n\n\n<p>Ou seja, Agora, cabe a cada um de n\u00f3s buscar outras formas de acesso \u00e0s informa\u00e7\u00f5es e <strong>cobrar mais clareza do Banco Central<\/strong>. Afinal, <strong>o direito \u00e0 informa\u00e7\u00e3o \u00e9 nosso<\/strong>.<\/p>\n\n\n\n<hr class=\"wp-block-separator has-alpha-channel-opacity\"\/>\n\n\n\n<h2 class=\"wp-block-heading\" id=\"h-resumo-dos-principais-pontos\"><strong>Resumo dos principais pontos<\/strong><\/h2>\n\n\n\n<ul class=\"wp-block-list\">\n<li>O Banco Central <strong>removeu a aba \u201cPreju\u00edzo\u201d do Registrato sem aviso pr\u00e9vio<\/strong>.<\/li>\n\n\n\n<li>O Banco Central <strong>n\u00e3o explicou oficialmente os motivos<\/strong>, mas h\u00e1 suspeitas de conflitos com a LGPD e m\u00e1 interpreta\u00e7\u00e3o dos dados.<\/li>\n\n\n\n<li>Agora, para acessar essas informa\u00e7\u00f5es, \u00e9 preciso consultar <strong>bir\u00f4s de cr\u00e9dito<\/strong> ou <strong>pedir diretamente aos bancos<\/strong>.<\/li>\n\n\n\n<li>A mudan\u00e7a traz riscos, pois <strong>reduz a transpar\u00eancia<\/strong> sobre dados financeiros.<\/li>\n\n\n\n<li>\u00c9 essencial usar <strong>ferramentas alternativas<\/strong> e <strong>exercer o direito \u00e0 informa\u00e7\u00e3o<\/strong> garantido por lei.<\/li>\n<\/ul>\n","protected":false},"excerpt":{"rendered":"<p>Em 2024, milhares de brasileiros notaram uma mudan\u00e7a repentina no sistema Registrato do Banco Central: a aba preju\u00edzo do Registrato foi encerrada.Entretanto essa funcionalidade era muito utilizada por quem queria acompanhar poss\u00edveis perdas financeiras, d\u00edvidas vencidas ou at\u00e9 mesmo restri\u00e7\u00f5es em seu nome. Mas por que isso aconteceu? Foi erro? Vai voltar? Como acompanhar seus [&hellip;]<\/p>\n","protected":false},"author":1,"featured_media":664,"comment_status":"open","ping_status":"closed","sticky":false,"template":"","format":"standard","meta":{"content-type":"","_jetpack_memberships_contains_paid_content":false,"footnotes":""},"categories":[2],"tags":[],"class_list":{"0":"post-663","1":"post","2":"type-post","3":"status-publish","4":"format-standard","5":"has-post-thumbnail","7":"category-noticias"},"yoast_head":"<!-- This site is optimized with the Yoast SEO Premium plugin v24.1 (Yoast SEO v27.5) - https:\/\/yoast.com\/product\/yoast-seo-premium-wordpress\/ -->\n<title>Por que a aba preju\u00edzo do Registrato foi encerrada? Entenda tudo agora - Iraildo Cart\u00f5es<\/title>\n<meta name=\"description\" content=\"A aba preju\u00edzo do Registrato foi encerrada. Saiba o motivo, o impacto e como acessar essas informa\u00e7\u00f5es agora.\" \/>\n<meta name=\"robots\" content=\"index, follow, max-snippet:-1, max-image-preview:large, max-video-preview:-1\" \/>\n<link rel=\"canonical\" href=\"https:\/\/iraildobarbosa.com.br\/cartoes\/por-que-a-aba-prejuizo-do-registrato-foi-encerrada-entenda-tudo-agora\/\" \/>\n<meta property=\"og:locale\" content=\"pt_BR\" \/>\n<meta property=\"og:type\" content=\"article\" \/>\n<meta property=\"og:title\" content=\"Por que a aba preju\u00edzo do Registrato foi encerrada? Entenda tudo agora\" \/>\n<meta property=\"og:description\" content=\"A aba preju\u00edzo do Registrato foi encerrada. Saiba o motivo, o impacto e como acessar essas informa\u00e7\u00f5es agora.\" \/>\n<meta property=\"og:url\" content=\"https:\/\/iraildobarbosa.com.br\/cartoes\/por-que-a-aba-prejuizo-do-registrato-foi-encerrada-entenda-tudo-agora\/\" \/>\n<meta property=\"og:site_name\" content=\"Iraildo Cart\u00f5es\" \/>\n<meta property=\"article:published_time\" content=\"2025-07-19T17:18:42+00:00\" \/>\n<meta property=\"article:modified_time\" content=\"2025-07-19T17:18:44+00:00\" \/>\n<meta property=\"og:image\" content=\"https:\/\/iraildobarbosa.com.br\/cartoes\/wp-content\/uploads\/2025\/07\/aba-prejuizo-do-Registrato.webp\" \/>\n\t<meta property=\"og:image:width\" content=\"1200\" \/>\n\t<meta property=\"og:image:height\" content=\"800\" \/>\n\t<meta property=\"og:image:type\" content=\"image\/webp\" \/>\n<meta name=\"author\" content=\"barbosairaildo\" \/>\n<meta name=\"twitter:card\" content=\"summary_large_image\" \/>\n<meta name=\"twitter:label1\" content=\"Escrito por\" \/>\n\t<meta name=\"twitter:data1\" content=\"barbosairaildo\" \/>\n\t<meta name=\"twitter:label2\" content=\"Est. tempo de leitura\" \/>\n\t<meta name=\"twitter:data2\" content=\"6 minutos\" \/>\n<script type=\"application\/ld+json\" class=\"yoast-schema-graph\">{\"@context\":\"https:\\\/\\\/schema.org\",\"@graph\":[{\"@type\":\"Article\",\"@id\":\"https:\\\/\\\/iraildobarbosa.com.br\\\/cartoes\\\/por-que-a-aba-prejuizo-do-registrato-foi-encerrada-entenda-tudo-agora\\\/#article\",\"isPartOf\":{\"@id\":\"https:\\\/\\\/iraildobarbosa.com.br\\\/cartoes\\\/por-que-a-aba-prejuizo-do-registrato-foi-encerrada-entenda-tudo-agora\\\/\"},\"author\":{\"name\":\"barbosairaildo\",\"@id\":\"https:\\\/\\\/iraildobarbosa.com.br\\\/cartoes\\\/#\\\/schema\\\/person\\\/44a271fd026a0e2fd87a66929311cf85\"},\"headline\":\"Por que a aba preju\u00edzo do Registrato foi encerrada? Entenda tudo agora\",\"datePublished\":\"2025-07-19T17:18:42+00:00\",\"dateModified\":\"2025-07-19T17:18:44+00:00\",\"mainEntityOfPage\":{\"@id\":\"https:\\\/\\\/iraildobarbosa.com.br\\\/cartoes\\\/por-que-a-aba-prejuizo-do-registrato-foi-encerrada-entenda-tudo-agora\\\/\"},\"wordCount\":1172,\"commentCount\":0,\"publisher\":{\"@id\":\"https:\\\/\\\/iraildobarbosa.com.br\\\/cartoes\\\/#organization\"},\"image\":{\"@id\":\"https:\\\/\\\/iraildobarbosa.com.br\\\/cartoes\\\/por-que-a-aba-prejuizo-do-registrato-foi-encerrada-entenda-tudo-agora\\\/#primaryimage\"},\"thumbnailUrl\":\"https:\\\/\\\/iraildobarbosa.com.br\\\/cartoes\\\/wp-content\\\/uploads\\\/2025\\\/07\\\/aba-prejuizo-do-Registrato.webp\",\"articleSection\":[\"Noticias\"],\"inLanguage\":\"pt-BR\",\"potentialAction\":[{\"@type\":\"CommentAction\",\"name\":\"Comment\",\"target\":[\"https:\\\/\\\/iraildobarbosa.com.br\\\/cartoes\\\/por-que-a-aba-prejuizo-do-registrato-foi-encerrada-entenda-tudo-agora\\\/#respond\"]}]},{\"@type\":\"WebPage\",\"@id\":\"https:\\\/\\\/iraildobarbosa.com.br\\\/cartoes\\\/por-que-a-aba-prejuizo-do-registrato-foi-encerrada-entenda-tudo-agora\\\/\",\"url\":\"https:\\\/\\\/iraildobarbosa.com.br\\\/cartoes\\\/por-que-a-aba-prejuizo-do-registrato-foi-encerrada-entenda-tudo-agora\\\/\",\"name\":\"Por que a aba preju\u00edzo do Registrato foi encerrada? Entenda tudo agora - Iraildo Cart\u00f5es\",\"isPartOf\":{\"@id\":\"https:\\\/\\\/iraildobarbosa.com.br\\\/cartoes\\\/#website\"},\"primaryImageOfPage\":{\"@id\":\"https:\\\/\\\/iraildobarbosa.com.br\\\/cartoes\\\/por-que-a-aba-prejuizo-do-registrato-foi-encerrada-entenda-tudo-agora\\\/#primaryimage\"},\"image\":{\"@id\":\"https:\\\/\\\/iraildobarbosa.com.br\\\/cartoes\\\/por-que-a-aba-prejuizo-do-registrato-foi-encerrada-entenda-tudo-agora\\\/#primaryimage\"},\"thumbnailUrl\":\"https:\\\/\\\/iraildobarbosa.com.br\\\/cartoes\\\/wp-content\\\/uploads\\\/2025\\\/07\\\/aba-prejuizo-do-Registrato.webp\",\"datePublished\":\"2025-07-19T17:18:42+00:00\",\"dateModified\":\"2025-07-19T17:18:44+00:00\",\"description\":\"A aba preju\u00edzo do Registrato foi encerrada. Saiba o motivo, o impacto e como acessar essas informa\u00e7\u00f5es agora.\",\"breadcrumb\":{\"@id\":\"https:\\\/\\\/iraildobarbosa.com.br\\\/cartoes\\\/por-que-a-aba-prejuizo-do-registrato-foi-encerrada-entenda-tudo-agora\\\/#breadcrumb\"},\"inLanguage\":\"pt-BR\",\"potentialAction\":[{\"@type\":\"ReadAction\",\"target\":[\"https:\\\/\\\/iraildobarbosa.com.br\\\/cartoes\\\/por-que-a-aba-prejuizo-do-registrato-foi-encerrada-entenda-tudo-agora\\\/\"]}]},{\"@type\":\"ImageObject\",\"inLanguage\":\"pt-BR\",\"@id\":\"https:\\\/\\\/iraildobarbosa.com.br\\\/cartoes\\\/por-que-a-aba-prejuizo-do-registrato-foi-encerrada-entenda-tudo-agora\\\/#primaryimage\",\"url\":\"https:\\\/\\\/iraildobarbosa.com.br\\\/cartoes\\\/wp-content\\\/uploads\\\/2025\\\/07\\\/aba-prejuizo-do-Registrato.webp\",\"contentUrl\":\"https:\\\/\\\/iraildobarbosa.com.br\\\/cartoes\\\/wp-content\\\/uploads\\\/2025\\\/07\\\/aba-prejuizo-do-Registrato.webp\",\"width\":1200,\"height\":800,\"caption\":\"aba preju\u00edzo do Registrato\"},{\"@type\":\"BreadcrumbList\",\"@id\":\"https:\\\/\\\/iraildobarbosa.com.br\\\/cartoes\\\/por-que-a-aba-prejuizo-do-registrato-foi-encerrada-entenda-tudo-agora\\\/#breadcrumb\",\"itemListElement\":[{\"@type\":\"ListItem\",\"position\":1,\"name\":\"Home\",\"item\":\"https:\\\/\\\/iraildobarbosa.com.br\\\/cartoes\\\/\"},{\"@type\":\"ListItem\",\"position\":2,\"name\":\"Por que a aba preju\u00edzo do Registrato foi encerrada? Entenda tudo agora\"}]},{\"@type\":\"WebSite\",\"@id\":\"https:\\\/\\\/iraildobarbosa.com.br\\\/cartoes\\\/#website\",\"url\":\"https:\\\/\\\/iraildobarbosa.com.br\\\/cartoes\\\/\",\"name\":\"Iraildo Cart\u00f5es\",\"description\":\"O seu guia para maximizar os ganhos com cart\u00f5es de cr\u00e9dito. Junte-se \u00e0 comunidade!\",\"publisher\":{\"@id\":\"https:\\\/\\\/iraildobarbosa.com.br\\\/cartoes\\\/#organization\"},\"potentialAction\":[{\"@type\":\"SearchAction\",\"target\":{\"@type\":\"EntryPoint\",\"urlTemplate\":\"https:\\\/\\\/iraildobarbosa.com.br\\\/cartoes\\\/?s={search_term_string}\"},\"query-input\":{\"@type\":\"PropertyValueSpecification\",\"valueRequired\":true,\"valueName\":\"search_term_string\"}}],\"inLanguage\":\"pt-BR\"},{\"@type\":\"Organization\",\"@id\":\"https:\\\/\\\/iraildobarbosa.com.br\\\/cartoes\\\/#organization\",\"name\":\"Iraildo Cart\u00f5es\",\"url\":\"https:\\\/\\\/iraildobarbosa.com.br\\\/cartoes\\\/\",\"logo\":{\"@type\":\"ImageObject\",\"inLanguage\":\"pt-BR\",\"@id\":\"https:\\\/\\\/iraildobarbosa.com.br\\\/cartoes\\\/#\\\/schema\\\/logo\\\/image\\\/\",\"url\":\"https:\\\/\\\/iraildobarbosa.com.br\\\/cartoes\\\/wp-content\\\/uploads\\\/2026\\\/02\\\/cropped-icon.png\",\"contentUrl\":\"https:\\\/\\\/iraildobarbosa.com.br\\\/cartoes\\\/wp-content\\\/uploads\\\/2026\\\/02\\\/cropped-icon.png\",\"width\":512,\"height\":512,\"caption\":\"Iraildo Cart\u00f5es\"},\"image\":{\"@id\":\"https:\\\/\\\/iraildobarbosa.com.br\\\/cartoes\\\/#\\\/schema\\\/logo\\\/image\\\/\"}},{\"@type\":\"Person\",\"@id\":\"https:\\\/\\\/iraildobarbosa.com.br\\\/cartoes\\\/#\\\/schema\\\/person\\\/44a271fd026a0e2fd87a66929311cf85\",\"name\":\"barbosairaildo\",\"image\":{\"@type\":\"ImageObject\",\"inLanguage\":\"pt-BR\",\"@id\":\"https:\\\/\\\/secure.gravatar.com\\\/avatar\\\/3c7b7b890a1ad0ab9afd07eb02e4d3dfc1d865ed98b00381e55c5e8caa0d7e0b?s=96&d=mm&r=g\",\"url\":\"https:\\\/\\\/secure.gravatar.com\\\/avatar\\\/3c7b7b890a1ad0ab9afd07eb02e4d3dfc1d865ed98b00381e55c5e8caa0d7e0b?s=96&d=mm&r=g\",\"contentUrl\":\"https:\\\/\\\/secure.gravatar.com\\\/avatar\\\/3c7b7b890a1ad0ab9afd07eb02e4d3dfc1d865ed98b00381e55c5e8caa0d7e0b?s=96&d=mm&r=g\",\"caption\":\"barbosairaildo\"},\"sameAs\":[\"https:\\\/\\\/iraildobarbosa.com.br\\\/cartoes\"],\"url\":\"https:\\\/\\\/iraildobarbosa.com.br\\\/cartoes\\\/author\\\/barbosairaildo\\\/\"}]}<\/script>\n<!-- \/ Yoast SEO Premium plugin. -->","yoast_head_json":{"title":"Por que a aba preju\u00edzo do Registrato foi encerrada? Entenda tudo agora - Iraildo Cart\u00f5es","description":"A aba preju\u00edzo do Registrato foi encerrada. Saiba o motivo, o impacto e como acessar essas informa\u00e7\u00f5es agora.","robots":{"index":"index","follow":"follow","max-snippet":"max-snippet:-1","max-image-preview":"max-image-preview:large","max-video-preview":"max-video-preview:-1"},"canonical":"https:\/\/iraildobarbosa.com.br\/cartoes\/por-que-a-aba-prejuizo-do-registrato-foi-encerrada-entenda-tudo-agora\/","og_locale":"pt_BR","og_type":"article","og_title":"Por que a aba preju\u00edzo do Registrato foi encerrada? Entenda tudo agora","og_description":"A aba preju\u00edzo do Registrato foi encerrada. Saiba o motivo, o impacto e como acessar essas informa\u00e7\u00f5es agora.","og_url":"https:\/\/iraildobarbosa.com.br\/cartoes\/por-que-a-aba-prejuizo-do-registrato-foi-encerrada-entenda-tudo-agora\/","og_site_name":"Iraildo Cart\u00f5es","article_published_time":"2025-07-19T17:18:42+00:00","article_modified_time":"2025-07-19T17:18:44+00:00","og_image":[{"width":1200,"height":800,"url":"https:\/\/iraildobarbosa.com.br\/cartoes\/wp-content\/uploads\/2025\/07\/aba-prejuizo-do-Registrato.webp","type":"image\/webp"}],"author":"barbosairaildo","twitter_card":"summary_large_image","twitter_misc":{"Escrito por":"barbosairaildo","Est. tempo de leitura":"6 minutos"},"schema":{"@context":"https:\/\/schema.org","@graph":[{"@type":"Article","@id":"https:\/\/iraildobarbosa.com.br\/cartoes\/por-que-a-aba-prejuizo-do-registrato-foi-encerrada-entenda-tudo-agora\/#article","isPartOf":{"@id":"https:\/\/iraildobarbosa.com.br\/cartoes\/por-que-a-aba-prejuizo-do-registrato-foi-encerrada-entenda-tudo-agora\/"},"author":{"name":"barbosairaildo","@id":"https:\/\/iraildobarbosa.com.br\/cartoes\/#\/schema\/person\/44a271fd026a0e2fd87a66929311cf85"},"headline":"Por que a aba preju\u00edzo do Registrato foi encerrada? Entenda tudo agora","datePublished":"2025-07-19T17:18:42+00:00","dateModified":"2025-07-19T17:18:44+00:00","mainEntityOfPage":{"@id":"https:\/\/iraildobarbosa.com.br\/cartoes\/por-que-a-aba-prejuizo-do-registrato-foi-encerrada-entenda-tudo-agora\/"},"wordCount":1172,"commentCount":0,"publisher":{"@id":"https:\/\/iraildobarbosa.com.br\/cartoes\/#organization"},"image":{"@id":"https:\/\/iraildobarbosa.com.br\/cartoes\/por-que-a-aba-prejuizo-do-registrato-foi-encerrada-entenda-tudo-agora\/#primaryimage"},"thumbnailUrl":"https:\/\/iraildobarbosa.com.br\/cartoes\/wp-content\/uploads\/2025\/07\/aba-prejuizo-do-Registrato.webp","articleSection":["Noticias"],"inLanguage":"pt-BR","potentialAction":[{"@type":"CommentAction","name":"Comment","target":["https:\/\/iraildobarbosa.com.br\/cartoes\/por-que-a-aba-prejuizo-do-registrato-foi-encerrada-entenda-tudo-agora\/#respond"]}]},{"@type":"WebPage","@id":"https:\/\/iraildobarbosa.com.br\/cartoes\/por-que-a-aba-prejuizo-do-registrato-foi-encerrada-entenda-tudo-agora\/","url":"https:\/\/iraildobarbosa.com.br\/cartoes\/por-que-a-aba-prejuizo-do-registrato-foi-encerrada-entenda-tudo-agora\/","name":"Por que a aba preju\u00edzo do Registrato foi encerrada? Entenda tudo agora - Iraildo Cart\u00f5es","isPartOf":{"@id":"https:\/\/iraildobarbosa.com.br\/cartoes\/#website"},"primaryImageOfPage":{"@id":"https:\/\/iraildobarbosa.com.br\/cartoes\/por-que-a-aba-prejuizo-do-registrato-foi-encerrada-entenda-tudo-agora\/#primaryimage"},"image":{"@id":"https:\/\/iraildobarbosa.com.br\/cartoes\/por-que-a-aba-prejuizo-do-registrato-foi-encerrada-entenda-tudo-agora\/#primaryimage"},"thumbnailUrl":"https:\/\/iraildobarbosa.com.br\/cartoes\/wp-content\/uploads\/2025\/07\/aba-prejuizo-do-Registrato.webp","datePublished":"2025-07-19T17:18:42+00:00","dateModified":"2025-07-19T17:18:44+00:00","description":"A aba preju\u00edzo do Registrato foi encerrada. Saiba o motivo, o impacto e como acessar essas informa\u00e7\u00f5es agora.","breadcrumb":{"@id":"https:\/\/iraildobarbosa.com.br\/cartoes\/por-que-a-aba-prejuizo-do-registrato-foi-encerrada-entenda-tudo-agora\/#breadcrumb"},"inLanguage":"pt-BR","potentialAction":[{"@type":"ReadAction","target":["https:\/\/iraildobarbosa.com.br\/cartoes\/por-que-a-aba-prejuizo-do-registrato-foi-encerrada-entenda-tudo-agora\/"]}]},{"@type":"ImageObject","inLanguage":"pt-BR","@id":"https:\/\/iraildobarbosa.com.br\/cartoes\/por-que-a-aba-prejuizo-do-registrato-foi-encerrada-entenda-tudo-agora\/#primaryimage","url":"https:\/\/iraildobarbosa.com.br\/cartoes\/wp-content\/uploads\/2025\/07\/aba-prejuizo-do-Registrato.webp","contentUrl":"https:\/\/iraildobarbosa.com.br\/cartoes\/wp-content\/uploads\/2025\/07\/aba-prejuizo-do-Registrato.webp","width":1200,"height":800,"caption":"aba preju\u00edzo do Registrato"},{"@type":"BreadcrumbList","@id":"https:\/\/iraildobarbosa.com.br\/cartoes\/por-que-a-aba-prejuizo-do-registrato-foi-encerrada-entenda-tudo-agora\/#breadcrumb","itemListElement":[{"@type":"ListItem","position":1,"name":"Home","item":"https:\/\/iraildobarbosa.com.br\/cartoes\/"},{"@type":"ListItem","position":2,"name":"Por que a aba preju\u00edzo do Registrato foi encerrada? Entenda tudo agora"}]},{"@type":"WebSite","@id":"https:\/\/iraildobarbosa.com.br\/cartoes\/#website","url":"https:\/\/iraildobarbosa.com.br\/cartoes\/","name":"Iraildo Cart\u00f5es","description":"O seu guia para maximizar os ganhos com cart\u00f5es de cr\u00e9dito. Junte-se \u00e0 comunidade!","publisher":{"@id":"https:\/\/iraildobarbosa.com.br\/cartoes\/#organization"},"potentialAction":[{"@type":"SearchAction","target":{"@type":"EntryPoint","urlTemplate":"https:\/\/iraildobarbosa.com.br\/cartoes\/?s={search_term_string}"},"query-input":{"@type":"PropertyValueSpecification","valueRequired":true,"valueName":"search_term_string"}}],"inLanguage":"pt-BR"},{"@type":"Organization","@id":"https:\/\/iraildobarbosa.com.br\/cartoes\/#organization","name":"Iraildo Cart\u00f5es","url":"https:\/\/iraildobarbosa.com.br\/cartoes\/","logo":{"@type":"ImageObject","inLanguage":"pt-BR","@id":"https:\/\/iraildobarbosa.com.br\/cartoes\/#\/schema\/logo\/image\/","url":"https:\/\/iraildobarbosa.com.br\/cartoes\/wp-content\/uploads\/2026\/02\/cropped-icon.png","contentUrl":"https:\/\/iraildobarbosa.com.br\/cartoes\/wp-content\/uploads\/2026\/02\/cropped-icon.png","width":512,"height":512,"caption":"Iraildo Cart\u00f5es"},"image":{"@id":"https:\/\/iraildobarbosa.com.br\/cartoes\/#\/schema\/logo\/image\/"}},{"@type":"Person","@id":"https:\/\/iraildobarbosa.com.br\/cartoes\/#\/schema\/person\/44a271fd026a0e2fd87a66929311cf85","name":"barbosairaildo","image":{"@type":"ImageObject","inLanguage":"pt-BR","@id":"https:\/\/secure.gravatar.com\/avatar\/3c7b7b890a1ad0ab9afd07eb02e4d3dfc1d865ed98b00381e55c5e8caa0d7e0b?s=96&d=mm&r=g","url":"https:\/\/secure.gravatar.com\/avatar\/3c7b7b890a1ad0ab9afd07eb02e4d3dfc1d865ed98b00381e55c5e8caa0d7e0b?s=96&d=mm&r=g","contentUrl":"https:\/\/secure.gravatar.com\/avatar\/3c7b7b890a1ad0ab9afd07eb02e4d3dfc1d865ed98b00381e55c5e8caa0d7e0b?s=96&d=mm&r=g","caption":"barbosairaildo"},"sameAs":["https:\/\/iraildobarbosa.com.br\/cartoes"],"url":"https:\/\/iraildobarbosa.com.br\/cartoes\/author\/barbosairaildo\/"}]}},"jetpack_featured_media_url":"https:\/\/iraildobarbosa.com.br\/cartoes\/wp-content\/uploads\/2025\/07\/aba-prejuizo-do-Registrato.webp","jetpack_sharing_enabled":true,"_links":{"self":[{"href":"https:\/\/iraildobarbosa.com.br\/cartoes\/wp-json\/wp\/v2\/posts\/663","targetHints":{"allow":["GET"]}}],"collection":[{"href":"https:\/\/iraildobarbosa.com.br\/cartoes\/wp-json\/wp\/v2\/posts"}],"about":[{"href":"https:\/\/iraildobarbosa.com.br\/cartoes\/wp-json\/wp\/v2\/types\/post"}],"author":[{"embeddable":true,"href":"https:\/\/iraildobarbosa.com.br\/cartoes\/wp-json\/wp\/v2\/users\/1"}],"replies":[{"embeddable":true,"href":"https:\/\/iraildobarbosa.com.br\/cartoes\/wp-json\/wp\/v2\/comments?post=663"}],"version-history":[{"count":1,"href":"https:\/\/iraildobarbosa.com.br\/cartoes\/wp-json\/wp\/v2\/posts\/663\/revisions"}],"predecessor-version":[{"id":666,"href":"https:\/\/iraildobarbosa.com.br\/cartoes\/wp-json\/wp\/v2\/posts\/663\/revisions\/666"}],"wp:featuredmedia":[{"embeddable":true,"href":"https:\/\/iraildobarbosa.com.br\/cartoes\/wp-json\/wp\/v2\/media\/664"}],"wp:attachment":[{"href":"https:\/\/iraildobarbosa.com.br\/cartoes\/wp-json\/wp\/v2\/media?parent=663"}],"wp:term":[{"taxonomy":"category","embeddable":true,"href":"https:\/\/iraildobarbosa.com.br\/cartoes\/wp-json\/wp\/v2\/categories?post=663"},{"taxonomy":"post_tag","embeddable":true,"href":"https:\/\/iraildobarbosa.com.br\/cartoes\/wp-json\/wp\/v2\/tags?post=663"}],"curies":[{"name":"wp","href":"https:\/\/api.w.org\/{rel}","templated":true}]}}