{"id":447,"date":"2024-09-12T01:05:19","date_gmt":"2024-09-12T01:05:19","guid":{"rendered":"https:\/\/iraildobarbosa.com.br\/cartoes\/?p=447"},"modified":"2024-09-12T01:08:43","modified_gmt":"2024-09-12T01:08:43","slug":"dados-de-operacoes-via-pix-e-cartao-serao-compartilhados-com-os-estados-entenda-a-decisao-do-stf","status":"publish","type":"post","link":"https:\/\/iraildobarbosa.com.br\/cartoes\/dados-de-operacoes-via-pix-e-cartao-serao-compartilhados-com-os-estados-entenda-a-decisao-do-stf\/","title":{"rendered":"dados de opera\u00e7\u00f5es financeiras Via PIX e Cart\u00e3o Ser\u00e3o Compartilhados com os Estados: Entenda a Decis\u00e3o do STF"},"content":{"rendered":"\n<p>A recente decis\u00e3o do <a href=\"https:\/\/portal.stf.jus.br\/\" target=\"_blank\" rel=\"noreferrer noopener\">Supremo Tribunal Federal<\/a> (STF) trouxe \u00e0 tona um tema pol\u00eamico: o compartilhamento de <strong>dados de opera\u00e7\u00f5es financeiras<\/strong> de transa\u00e7\u00f5es via <strong>PIX<\/strong> e <strong>cart\u00f5es de cr\u00e9dito<\/strong><\/p>\n\n\n\n<p> com os governos estaduais. A medida, amplamente discutida por especialistas e juristas, levanta quest\u00f5es sobre a <strong>privacidade<\/strong>, o <strong>sigilo banc\u00e1rio<\/strong> e o uso dessas informa\u00e7\u00f5es pelas autoridades estaduais para fins fiscais e de controle.<\/p>\n\n\n\n<h2 class=\"wp-block-heading\" id=\"h-o-que-motivou-a-decisao-do-stf\"><strong>O que motivou a decis\u00e3o do STF?<\/strong><\/h2>\n\n\n\n<p>O uso de <strong>meios eletr\u00f4nicos de pagamento<\/strong>, como o PIX e os cart\u00f5es de cr\u00e9dito, tem crescido de forma exponencial nos \u00faltimos anos. Esses meios facilitam a vida dos consumidores, mas tamb\u00e9m representam uma oportunidade para os governos monitorarem as opera\u00e7\u00f5es financeiras, principalmente em termos de <strong>sonega\u00e7\u00e3o fiscal<\/strong>.<\/p>\n\n\n\n<p>O STF, ao deliberar sobre o tema, considerou que a troca de informa\u00e7\u00f5es entre institui\u00e7\u00f5es financeiras e os governos estaduais \u00e9 essencial para o combate \u00e0 <strong>evas\u00e3o fiscal<\/strong>. Dessa forma, o tribunal entendeu que a medida n\u00e3o fere o <strong>direito \u00e0 privacidade<\/strong>, desde que observados os par\u00e2metros de <strong>legalidade<\/strong> e <strong>proporcionalidade<\/strong>.<\/p>\n\n\n\n<h2 class=\"wp-block-heading\" id=\"h-como-sera-o-compartilhamento-dos-dados\"><strong>Como ser\u00e1 o compartilhamento dos dados?<\/strong><\/h2>\n\n\n\n<p>Segundo a decis\u00e3o, os <strong>dados das transa\u00e7\u00f5es<\/strong> realizadas via PIX e cart\u00e3o de cr\u00e9dito ser\u00e3o repassados pelos bancos e institui\u00e7\u00f5es financeiras diretamente para as <strong>secretarias de fazenda<\/strong> dos estados. Essas informa\u00e7\u00f5es incluem o valor das opera\u00e7\u00f5es, datas, identifica\u00e7\u00e3o do pagador e do recebedor.<\/p>\n\n\n\n<p>Contudo, vale ressaltar que esse compartilhamento n\u00e3o envolve diretamente o acesso ao saldo das contas ou \u00e0 movimenta\u00e7\u00e3o completa dos usu\u00e1rios, mas sim \u00e0s transa\u00e7\u00f5es espec\u00edficas, com foco naquelas que possam ser de interesse fiscal.<\/p>\n\n\n\n<h2 class=\"wp-block-heading\" id=\"h-quais-as-consequencias-para-os-usuarios\"><strong>Quais as consequ\u00eancias para os usu\u00e1rios?<\/strong><\/h2>\n\n\n\n<p>A medida tem gerado debates sobre o impacto no <strong>direito \u00e0 privacidade<\/strong> dos usu\u00e1rios. Para muitos, o compartilhamento de dados de transa\u00e7\u00f5es financeiras sem uma autoriza\u00e7\u00e3o judicial espec\u00edfica pode configurar uma viola\u00e7\u00e3o ao sigilo banc\u00e1rio. No entanto, o STF entende que, em casos como esse, onde o interesse p\u00fablico e a <strong>fiscaliza\u00e7\u00e3o tribut\u00e1ria<\/strong> s\u00e3o priorizados, o compartilhamento \u00e9 justific\u00e1vel.<\/p>\n\n\n\n<h3 class=\"wp-block-heading\" id=\"h-1-riscos-a-privacidade\"><strong>1. Riscos \u00e0 Privacidade<\/strong><\/h3>\n\n\n\n<p>Embora o STF tenha garantido que a troca de informa\u00e7\u00f5es ser\u00e1 restrita a dados necess\u00e1rios para o <strong>controle fiscal<\/strong>, h\u00e1 preocupa\u00e7\u00f5es <\/p>\n\n\n\n<p>leg\u00edtimas sobre poss\u00edveis <strong>abusos<\/strong> no manuseio dessas informa\u00e7\u00f5es. O hist\u00f3rico recente de <strong>vazamentos de dados<\/strong> em v\u00e1rias esferas do governo brasileiro refor\u00e7a o receio de que os dados dos cidad\u00e3os possam cair em m\u00e3os erradas.<\/p>\n\n\n\n<h3 class=\"wp-block-heading\" id=\"h-2-aumento-da-fiscalizacao\"><strong>2. Aumento da Fiscaliza\u00e7\u00e3o<\/strong><\/h3>\n\n\n\n<p>A principal consequ\u00eancia pr\u00e1tica para os usu\u00e1rios \u00e9 o aumento da <strong>fiscaliza\u00e7\u00e3o tribut\u00e1ria<\/strong>. Com o acesso a dados detalhados sobre as transa\u00e7\u00f5es realizadas via PIX e cart\u00f5es, os governos estaduais poder\u00e3o cruzar essas informa\u00e7\u00f5es com as declara\u00e7\u00f5es de impostos feitas pelos contribuintes.Isso pode levar \u00e0 identifica\u00e7\u00e3o de mais inconsist\u00eancias e a\u00e7\u00f5es fiscais contra aqueles considerados em falta.<\/p>\n\n\n\n<h3 class=\"wp-block-heading\" id=\"h-3-impacto-para-as-empresas\"><strong>3. Impacto para as Empresas<\/strong><\/h3>\n\n\n\n<p>Para as empresas, especialmente as <strong>micro e pequenas<\/strong>, que frequentemente lidam com opera\u00e7\u00f5es em dinheiro e transa\u00e7\u00f5es informais, a decis\u00e3o representa uma <strong>amea\u00e7a direta<\/strong>. Muitas delas ter\u00e3o que se adaptar a um ambiente de <strong>fiscaliza\u00e7\u00e3o mais rigorosa<\/strong>, o que pode aumentar a carga tribut\u00e1ria e os custos operacionais.<\/p>\n\n\n\n<h2 class=\"wp-block-heading\" id=\"h-o-que-dizem-os-criticos-sobre-dados-de-operacoes-financeiras\"><strong>O que dizem os cr\u00edticos sobre dados de opera\u00e7\u00f5es financeiras?<\/strong><\/h2>\n\n\n\n<p>Diversos especialistas em <strong>direito constitucional<\/strong> e <strong>privacidade digital<\/strong> se manifestaram contra a decis\u00e3o. Para eles, o compartilhamento de dados sem uma <strong>ordem judicial<\/strong> fere os princ\u00edpios estabelecidos na <strong>Constitui\u00e7\u00e3o Federal<\/strong> e na <strong>Lei Geral de Prote\u00e7\u00e3o de Dados (LGPD)<\/strong>.<\/p>\n\n\n\n<p>Segundo esses cr\u00edticos, a decis\u00e3o do STF pode abrir precedentes perigosos para o uso de <strong>dados pessoais<\/strong> por parte do governo, <\/p>\n\n\n\n<p>sem que haja um controle adequado sobre como essas informa\u00e7\u00f5es ser\u00e3o tratadas. Al\u00e9m disso, h\u00e1 questionamentos sobre a real efic\u00e1cia da medida no combate \u00e0 <strong>sonega\u00e7\u00e3o fiscal<\/strong>, considerando que muitos grandes sonegadores utilizam esquemas complexos e dificilmente detect\u00e1veis por esse tipo de monitoramento.<\/p>\n\n\n\n<h2 class=\"wp-block-heading\" id=\"h-quais-sao-as-perspectivas-futuras\"><strong>Quais s\u00e3o as perspectivas futuras?<\/strong><\/h2>\n\n\n\n<p>O STF j\u00e1 tomou a decis\u00e3o, mas ela ainda pode enfrentar recursos e gerar discuss\u00f5es em outras esferas do Judici\u00e1rio. O tema pode voltar ao plen\u00e1rio, especialmente se surgirem novos questionamentos sobre a prote\u00e7\u00e3o de dados pessoais.<\/p>\n\n\n\n<p>Al\u00e9m disso, com a crescente utiliza\u00e7\u00e3o do PIX e de outras formas de pagamento digital,<\/p>\n\n\n\n<p> Os legisladores podem propor novas leis para regular de forma mais espec\u00edfica o uso dessas informa\u00e7\u00f5es pelos governos estaduais.<\/p>\n\n\n\n<h2 class=\"wp-block-heading\" id=\"h-o-que-esperar-sobre-dados-de-operacoes-financeiras\"><strong> o que esperar sobre dados de opera\u00e7\u00f5es financeiras?<\/strong><\/h2>\n\n\n\n<p>Em suma, A decis\u00e3o do STF \u00e9 um marco na rela\u00e7\u00e3o entre o <strong>governo<\/strong> e o <strong>sistema financeiro<\/strong> brasileiro, trazendo \u00e0 tona a necessidade de um equil\u00edbrio entre a <strong>fiscaliza\u00e7\u00e3o tribut\u00e1ria<\/strong> e<\/p>\n\n\n\n<p> a <strong>prote\u00e7\u00e3o dos direitos individuais<\/strong>. Embora o compartilhamento de dados financeiros possa ser uma ferramenta eficaz para combater a <strong>sonega\u00e7\u00e3o<\/strong>, \u00e9 fundamental que haja <strong>transpar\u00eancia<\/strong> e <strong>respeito<\/strong> aos limites estabelecidos pela <strong>LGPD<\/strong> e pela <strong>Constitui\u00e7\u00e3o<\/strong>.<\/p>\n\n\n\n<p>Os cidad\u00e3os, por sua vez, devem estar atentos \u00e0s novas exig\u00eancias fiscais e ao uso de meios de pagamento digitais, <\/p>\n\n\n\n<p>entendendo que suas transa\u00e7\u00f5es podem ser monitoradas e utilizadas pelos estados para fins de controle tribut\u00e1rio.<\/p>\n","protected":false},"excerpt":{"rendered":"<p>A recente decis\u00e3o do Supremo Tribunal Federal (STF) trouxe \u00e0 tona um tema pol\u00eamico: o compartilhamento de dados de opera\u00e7\u00f5es financeiras de transa\u00e7\u00f5es via PIX e cart\u00f5es de cr\u00e9dito com os governos estaduais. A medida, amplamente discutida por especialistas e juristas, levanta quest\u00f5es sobre a privacidade, o sigilo banc\u00e1rio e o uso dessas informa\u00e7\u00f5es pelas [&hellip;]<\/p>\n","protected":false},"author":1,"featured_media":449,"comment_status":"open","ping_status":"open","sticky":false,"template":"","format":"standard","meta":{"content-type":"","_jetpack_memberships_contains_paid_content":false,"footnotes":""},"categories":[2],"tags":[],"class_list":{"0":"post-447","1":"post","2":"type-post","3":"status-publish","4":"format-standard","5":"has-post-thumbnail","7":"category-noticias"},"yoast_head":"<!-- This site is optimized with the Yoast SEO Premium plugin v24.1 (Yoast SEO v27.5) - https:\/\/yoast.com\/product\/yoast-seo-premium-wordpress\/ -->\n<title>dados de opera\u00e7\u00f5es financeiras Via PIX e Cart\u00e3o Ser\u00e3o Compartilhados com os Estados: Entenda a Decis\u00e3o do STF - Iraildo Cart\u00f5es<\/title>\n<meta name=\"description\" content=\"Entenda como os dados de opera\u00e7\u00f5es financeiras via PIX e cart\u00e3o ser\u00e3o compartilhados com os estados, segundo a decis\u00e3o do STF\" \/>\n<meta name=\"robots\" content=\"index, follow, max-snippet:-1, max-image-preview:large, max-video-preview:-1\" \/>\n<link rel=\"canonical\" href=\"https:\/\/iraildobarbosa.com.br\/cartoes\/dados-de-operacoes-via-pix-e-cartao-serao-compartilhados-com-os-estados-entenda-a-decisao-do-stf\/\" \/>\n<meta property=\"og:locale\" content=\"pt_BR\" \/>\n<meta property=\"og:type\" content=\"article\" \/>\n<meta property=\"og:title\" content=\"dados de opera\u00e7\u00f5es financeiras Via PIX e Cart\u00e3o Ser\u00e3o Compartilhados com os Estados: Entenda a Decis\u00e3o do STF\" \/>\n<meta property=\"og:description\" content=\"Entenda como os dados de opera\u00e7\u00f5es financeiras via PIX e cart\u00e3o ser\u00e3o compartilhados com os estados, segundo a decis\u00e3o do STF\" \/>\n<meta property=\"og:url\" content=\"https:\/\/iraildobarbosa.com.br\/cartoes\/dados-de-operacoes-via-pix-e-cartao-serao-compartilhados-com-os-estados-entenda-a-decisao-do-stf\/\" \/>\n<meta property=\"og:site_name\" content=\"Iraildo Cart\u00f5es\" \/>\n<meta property=\"article:published_time\" content=\"2024-09-12T01:05:19+00:00\" \/>\n<meta property=\"article:modified_time\" content=\"2024-09-12T01:08:43+00:00\" \/>\n<meta property=\"og:image\" content=\"https:\/\/iraildobarbosa.com.br\/cartoes\/wp-content\/uploads\/2024\/09\/gavel-2492011_1280.webp\" \/>\n\t<meta property=\"og:image:width\" content=\"1280\" \/>\n\t<meta property=\"og:image:height\" content=\"711\" \/>\n\t<meta property=\"og:image:type\" content=\"image\/webp\" \/>\n<meta name=\"author\" content=\"barbosairaildo\" \/>\n<meta name=\"twitter:card\" content=\"summary_large_image\" \/>\n<meta name=\"twitter:label1\" content=\"Escrito por\" \/>\n\t<meta name=\"twitter:data1\" content=\"barbosairaildo\" \/>\n\t<meta name=\"twitter:label2\" content=\"Est. tempo de leitura\" \/>\n\t<meta name=\"twitter:data2\" content=\"5 minutos\" \/>\n<script type=\"application\/ld+json\" class=\"yoast-schema-graph\">{\"@context\":\"https:\\\/\\\/schema.org\",\"@graph\":[{\"@type\":\"Article\",\"@id\":\"https:\\\/\\\/iraildobarbosa.com.br\\\/cartoes\\\/dados-de-operacoes-via-pix-e-cartao-serao-compartilhados-com-os-estados-entenda-a-decisao-do-stf\\\/#article\",\"isPartOf\":{\"@id\":\"https:\\\/\\\/iraildobarbosa.com.br\\\/cartoes\\\/dados-de-operacoes-via-pix-e-cartao-serao-compartilhados-com-os-estados-entenda-a-decisao-do-stf\\\/\"},\"author\":{\"name\":\"barbosairaildo\",\"@id\":\"https:\\\/\\\/iraildobarbosa.com.br\\\/cartoes\\\/#\\\/schema\\\/person\\\/44a271fd026a0e2fd87a66929311cf85\"},\"headline\":\"dados de opera\u00e7\u00f5es financeiras Via PIX e Cart\u00e3o Ser\u00e3o Compartilhados com os Estados: Entenda a Decis\u00e3o do STF\",\"datePublished\":\"2024-09-12T01:05:19+00:00\",\"dateModified\":\"2024-09-12T01:08:43+00:00\",\"mainEntityOfPage\":{\"@id\":\"https:\\\/\\\/iraildobarbosa.com.br\\\/cartoes\\\/dados-de-operacoes-via-pix-e-cartao-serao-compartilhados-com-os-estados-entenda-a-decisao-do-stf\\\/\"},\"wordCount\":916,\"commentCount\":0,\"publisher\":{\"@id\":\"https:\\\/\\\/iraildobarbosa.com.br\\\/cartoes\\\/#organization\"},\"image\":{\"@id\":\"https:\\\/\\\/iraildobarbosa.com.br\\\/cartoes\\\/dados-de-operacoes-via-pix-e-cartao-serao-compartilhados-com-os-estados-entenda-a-decisao-do-stf\\\/#primaryimage\"},\"thumbnailUrl\":\"https:\\\/\\\/iraildobarbosa.com.br\\\/cartoes\\\/wp-content\\\/uploads\\\/2024\\\/09\\\/gavel-2492011_1280.webp\",\"articleSection\":[\"Noticias\"],\"inLanguage\":\"pt-BR\",\"potentialAction\":[{\"@type\":\"CommentAction\",\"name\":\"Comment\",\"target\":[\"https:\\\/\\\/iraildobarbosa.com.br\\\/cartoes\\\/dados-de-operacoes-via-pix-e-cartao-serao-compartilhados-com-os-estados-entenda-a-decisao-do-stf\\\/#respond\"]}]},{\"@type\":\"WebPage\",\"@id\":\"https:\\\/\\\/iraildobarbosa.com.br\\\/cartoes\\\/dados-de-operacoes-via-pix-e-cartao-serao-compartilhados-com-os-estados-entenda-a-decisao-do-stf\\\/\",\"url\":\"https:\\\/\\\/iraildobarbosa.com.br\\\/cartoes\\\/dados-de-operacoes-via-pix-e-cartao-serao-compartilhados-com-os-estados-entenda-a-decisao-do-stf\\\/\",\"name\":\"dados de opera\u00e7\u00f5es financeiras Via PIX e Cart\u00e3o Ser\u00e3o Compartilhados com os Estados: Entenda a Decis\u00e3o do STF - Iraildo Cart\u00f5es\",\"isPartOf\":{\"@id\":\"https:\\\/\\\/iraildobarbosa.com.br\\\/cartoes\\\/#website\"},\"primaryImageOfPage\":{\"@id\":\"https:\\\/\\\/iraildobarbosa.com.br\\\/cartoes\\\/dados-de-operacoes-via-pix-e-cartao-serao-compartilhados-com-os-estados-entenda-a-decisao-do-stf\\\/#primaryimage\"},\"image\":{\"@id\":\"https:\\\/\\\/iraildobarbosa.com.br\\\/cartoes\\\/dados-de-operacoes-via-pix-e-cartao-serao-compartilhados-com-os-estados-entenda-a-decisao-do-stf\\\/#primaryimage\"},\"thumbnailUrl\":\"https:\\\/\\\/iraildobarbosa.com.br\\\/cartoes\\\/wp-content\\\/uploads\\\/2024\\\/09\\\/gavel-2492011_1280.webp\",\"datePublished\":\"2024-09-12T01:05:19+00:00\",\"dateModified\":\"2024-09-12T01:08:43+00:00\",\"description\":\"Entenda como os dados de opera\u00e7\u00f5es financeiras via PIX e cart\u00e3o ser\u00e3o compartilhados com os estados, segundo a decis\u00e3o do STF\",\"breadcrumb\":{\"@id\":\"https:\\\/\\\/iraildobarbosa.com.br\\\/cartoes\\\/dados-de-operacoes-via-pix-e-cartao-serao-compartilhados-com-os-estados-entenda-a-decisao-do-stf\\\/#breadcrumb\"},\"inLanguage\":\"pt-BR\",\"potentialAction\":[{\"@type\":\"ReadAction\",\"target\":[\"https:\\\/\\\/iraildobarbosa.com.br\\\/cartoes\\\/dados-de-operacoes-via-pix-e-cartao-serao-compartilhados-com-os-estados-entenda-a-decisao-do-stf\\\/\"]}]},{\"@type\":\"ImageObject\",\"inLanguage\":\"pt-BR\",\"@id\":\"https:\\\/\\\/iraildobarbosa.com.br\\\/cartoes\\\/dados-de-operacoes-via-pix-e-cartao-serao-compartilhados-com-os-estados-entenda-a-decisao-do-stf\\\/#primaryimage\",\"url\":\"https:\\\/\\\/iraildobarbosa.com.br\\\/cartoes\\\/wp-content\\\/uploads\\\/2024\\\/09\\\/gavel-2492011_1280.webp\",\"contentUrl\":\"https:\\\/\\\/iraildobarbosa.com.br\\\/cartoes\\\/wp-content\\\/uploads\\\/2024\\\/09\\\/gavel-2492011_1280.webp\",\"width\":1280,\"height\":711,\"caption\":\"dados de opera\u00e7\u00f5es financeiras\"},{\"@type\":\"BreadcrumbList\",\"@id\":\"https:\\\/\\\/iraildobarbosa.com.br\\\/cartoes\\\/dados-de-operacoes-via-pix-e-cartao-serao-compartilhados-com-os-estados-entenda-a-decisao-do-stf\\\/#breadcrumb\",\"itemListElement\":[{\"@type\":\"ListItem\",\"position\":1,\"name\":\"Home\",\"item\":\"https:\\\/\\\/iraildobarbosa.com.br\\\/cartoes\\\/\"},{\"@type\":\"ListItem\",\"position\":2,\"name\":\"dados de opera\u00e7\u00f5es financeiras Via PIX e Cart\u00e3o Ser\u00e3o Compartilhados com os Estados: Entenda a Decis\u00e3o do STF\"}]},{\"@type\":\"WebSite\",\"@id\":\"https:\\\/\\\/iraildobarbosa.com.br\\\/cartoes\\\/#website\",\"url\":\"https:\\\/\\\/iraildobarbosa.com.br\\\/cartoes\\\/\",\"name\":\"Iraildo Cart\u00f5es\",\"description\":\"O seu guia para maximizar os ganhos com cart\u00f5es de cr\u00e9dito. Junte-se \u00e0 comunidade!\",\"publisher\":{\"@id\":\"https:\\\/\\\/iraildobarbosa.com.br\\\/cartoes\\\/#organization\"},\"potentialAction\":[{\"@type\":\"SearchAction\",\"target\":{\"@type\":\"EntryPoint\",\"urlTemplate\":\"https:\\\/\\\/iraildobarbosa.com.br\\\/cartoes\\\/?s={search_term_string}\"},\"query-input\":{\"@type\":\"PropertyValueSpecification\",\"valueRequired\":true,\"valueName\":\"search_term_string\"}}],\"inLanguage\":\"pt-BR\"},{\"@type\":\"Organization\",\"@id\":\"https:\\\/\\\/iraildobarbosa.com.br\\\/cartoes\\\/#organization\",\"name\":\"Iraildo Cart\u00f5es\",\"url\":\"https:\\\/\\\/iraildobarbosa.com.br\\\/cartoes\\\/\",\"logo\":{\"@type\":\"ImageObject\",\"inLanguage\":\"pt-BR\",\"@id\":\"https:\\\/\\\/iraildobarbosa.com.br\\\/cartoes\\\/#\\\/schema\\\/logo\\\/image\\\/\",\"url\":\"https:\\\/\\\/iraildobarbosa.com.br\\\/cartoes\\\/wp-content\\\/uploads\\\/2026\\\/02\\\/cropped-icon.png\",\"contentUrl\":\"https:\\\/\\\/iraildobarbosa.com.br\\\/cartoes\\\/wp-content\\\/uploads\\\/2026\\\/02\\\/cropped-icon.png\",\"width\":512,\"height\":512,\"caption\":\"Iraildo Cart\u00f5es\"},\"image\":{\"@id\":\"https:\\\/\\\/iraildobarbosa.com.br\\\/cartoes\\\/#\\\/schema\\\/logo\\\/image\\\/\"}},{\"@type\":\"Person\",\"@id\":\"https:\\\/\\\/iraildobarbosa.com.br\\\/cartoes\\\/#\\\/schema\\\/person\\\/44a271fd026a0e2fd87a66929311cf85\",\"name\":\"barbosairaildo\",\"image\":{\"@type\":\"ImageObject\",\"inLanguage\":\"pt-BR\",\"@id\":\"https:\\\/\\\/secure.gravatar.com\\\/avatar\\\/3c7b7b890a1ad0ab9afd07eb02e4d3dfc1d865ed98b00381e55c5e8caa0d7e0b?s=96&d=mm&r=g\",\"url\":\"https:\\\/\\\/secure.gravatar.com\\\/avatar\\\/3c7b7b890a1ad0ab9afd07eb02e4d3dfc1d865ed98b00381e55c5e8caa0d7e0b?s=96&d=mm&r=g\",\"contentUrl\":\"https:\\\/\\\/secure.gravatar.com\\\/avatar\\\/3c7b7b890a1ad0ab9afd07eb02e4d3dfc1d865ed98b00381e55c5e8caa0d7e0b?s=96&d=mm&r=g\",\"caption\":\"barbosairaildo\"},\"sameAs\":[\"https:\\\/\\\/iraildobarbosa.com.br\\\/cartoes\"],\"url\":\"https:\\\/\\\/iraildobarbosa.com.br\\\/cartoes\\\/author\\\/barbosairaildo\\\/\"}]}<\/script>\n<!-- \/ Yoast SEO Premium plugin. -->","yoast_head_json":{"title":"dados de opera\u00e7\u00f5es financeiras Via PIX e Cart\u00e3o Ser\u00e3o Compartilhados com os Estados: Entenda a Decis\u00e3o do STF - Iraildo Cart\u00f5es","description":"Entenda como os dados de opera\u00e7\u00f5es financeiras via PIX e cart\u00e3o ser\u00e3o compartilhados com os estados, segundo a decis\u00e3o do STF","robots":{"index":"index","follow":"follow","max-snippet":"max-snippet:-1","max-image-preview":"max-image-preview:large","max-video-preview":"max-video-preview:-1"},"canonical":"https:\/\/iraildobarbosa.com.br\/cartoes\/dados-de-operacoes-via-pix-e-cartao-serao-compartilhados-com-os-estados-entenda-a-decisao-do-stf\/","og_locale":"pt_BR","og_type":"article","og_title":"dados de opera\u00e7\u00f5es financeiras Via PIX e Cart\u00e3o Ser\u00e3o Compartilhados com os Estados: Entenda a Decis\u00e3o do STF","og_description":"Entenda como os dados de opera\u00e7\u00f5es financeiras via PIX e cart\u00e3o ser\u00e3o compartilhados com os estados, segundo a decis\u00e3o do STF","og_url":"https:\/\/iraildobarbosa.com.br\/cartoes\/dados-de-operacoes-via-pix-e-cartao-serao-compartilhados-com-os-estados-entenda-a-decisao-do-stf\/","og_site_name":"Iraildo Cart\u00f5es","article_published_time":"2024-09-12T01:05:19+00:00","article_modified_time":"2024-09-12T01:08:43+00:00","og_image":[{"width":1280,"height":711,"url":"https:\/\/iraildobarbosa.com.br\/cartoes\/wp-content\/uploads\/2024\/09\/gavel-2492011_1280.webp","type":"image\/webp"}],"author":"barbosairaildo","twitter_card":"summary_large_image","twitter_misc":{"Escrito por":"barbosairaildo","Est. tempo de leitura":"5 minutos"},"schema":{"@context":"https:\/\/schema.org","@graph":[{"@type":"Article","@id":"https:\/\/iraildobarbosa.com.br\/cartoes\/dados-de-operacoes-via-pix-e-cartao-serao-compartilhados-com-os-estados-entenda-a-decisao-do-stf\/#article","isPartOf":{"@id":"https:\/\/iraildobarbosa.com.br\/cartoes\/dados-de-operacoes-via-pix-e-cartao-serao-compartilhados-com-os-estados-entenda-a-decisao-do-stf\/"},"author":{"name":"barbosairaildo","@id":"https:\/\/iraildobarbosa.com.br\/cartoes\/#\/schema\/person\/44a271fd026a0e2fd87a66929311cf85"},"headline":"dados de opera\u00e7\u00f5es financeiras Via PIX e Cart\u00e3o Ser\u00e3o Compartilhados com os Estados: Entenda a Decis\u00e3o do STF","datePublished":"2024-09-12T01:05:19+00:00","dateModified":"2024-09-12T01:08:43+00:00","mainEntityOfPage":{"@id":"https:\/\/iraildobarbosa.com.br\/cartoes\/dados-de-operacoes-via-pix-e-cartao-serao-compartilhados-com-os-estados-entenda-a-decisao-do-stf\/"},"wordCount":916,"commentCount":0,"publisher":{"@id":"https:\/\/iraildobarbosa.com.br\/cartoes\/#organization"},"image":{"@id":"https:\/\/iraildobarbosa.com.br\/cartoes\/dados-de-operacoes-via-pix-e-cartao-serao-compartilhados-com-os-estados-entenda-a-decisao-do-stf\/#primaryimage"},"thumbnailUrl":"https:\/\/iraildobarbosa.com.br\/cartoes\/wp-content\/uploads\/2024\/09\/gavel-2492011_1280.webp","articleSection":["Noticias"],"inLanguage":"pt-BR","potentialAction":[{"@type":"CommentAction","name":"Comment","target":["https:\/\/iraildobarbosa.com.br\/cartoes\/dados-de-operacoes-via-pix-e-cartao-serao-compartilhados-com-os-estados-entenda-a-decisao-do-stf\/#respond"]}]},{"@type":"WebPage","@id":"https:\/\/iraildobarbosa.com.br\/cartoes\/dados-de-operacoes-via-pix-e-cartao-serao-compartilhados-com-os-estados-entenda-a-decisao-do-stf\/","url":"https:\/\/iraildobarbosa.com.br\/cartoes\/dados-de-operacoes-via-pix-e-cartao-serao-compartilhados-com-os-estados-entenda-a-decisao-do-stf\/","name":"dados de opera\u00e7\u00f5es financeiras Via PIX e Cart\u00e3o Ser\u00e3o Compartilhados com os Estados: Entenda a Decis\u00e3o do STF - Iraildo Cart\u00f5es","isPartOf":{"@id":"https:\/\/iraildobarbosa.com.br\/cartoes\/#website"},"primaryImageOfPage":{"@id":"https:\/\/iraildobarbosa.com.br\/cartoes\/dados-de-operacoes-via-pix-e-cartao-serao-compartilhados-com-os-estados-entenda-a-decisao-do-stf\/#primaryimage"},"image":{"@id":"https:\/\/iraildobarbosa.com.br\/cartoes\/dados-de-operacoes-via-pix-e-cartao-serao-compartilhados-com-os-estados-entenda-a-decisao-do-stf\/#primaryimage"},"thumbnailUrl":"https:\/\/iraildobarbosa.com.br\/cartoes\/wp-content\/uploads\/2024\/09\/gavel-2492011_1280.webp","datePublished":"2024-09-12T01:05:19+00:00","dateModified":"2024-09-12T01:08:43+00:00","description":"Entenda como os dados de opera\u00e7\u00f5es financeiras via PIX e cart\u00e3o ser\u00e3o compartilhados com os estados, segundo a decis\u00e3o do STF","breadcrumb":{"@id":"https:\/\/iraildobarbosa.com.br\/cartoes\/dados-de-operacoes-via-pix-e-cartao-serao-compartilhados-com-os-estados-entenda-a-decisao-do-stf\/#breadcrumb"},"inLanguage":"pt-BR","potentialAction":[{"@type":"ReadAction","target":["https:\/\/iraildobarbosa.com.br\/cartoes\/dados-de-operacoes-via-pix-e-cartao-serao-compartilhados-com-os-estados-entenda-a-decisao-do-stf\/"]}]},{"@type":"ImageObject","inLanguage":"pt-BR","@id":"https:\/\/iraildobarbosa.com.br\/cartoes\/dados-de-operacoes-via-pix-e-cartao-serao-compartilhados-com-os-estados-entenda-a-decisao-do-stf\/#primaryimage","url":"https:\/\/iraildobarbosa.com.br\/cartoes\/wp-content\/uploads\/2024\/09\/gavel-2492011_1280.webp","contentUrl":"https:\/\/iraildobarbosa.com.br\/cartoes\/wp-content\/uploads\/2024\/09\/gavel-2492011_1280.webp","width":1280,"height":711,"caption":"dados de opera\u00e7\u00f5es financeiras"},{"@type":"BreadcrumbList","@id":"https:\/\/iraildobarbosa.com.br\/cartoes\/dados-de-operacoes-via-pix-e-cartao-serao-compartilhados-com-os-estados-entenda-a-decisao-do-stf\/#breadcrumb","itemListElement":[{"@type":"ListItem","position":1,"name":"Home","item":"https:\/\/iraildobarbosa.com.br\/cartoes\/"},{"@type":"ListItem","position":2,"name":"dados de opera\u00e7\u00f5es financeiras Via PIX e Cart\u00e3o Ser\u00e3o Compartilhados com os Estados: Entenda a Decis\u00e3o do STF"}]},{"@type":"WebSite","@id":"https:\/\/iraildobarbosa.com.br\/cartoes\/#website","url":"https:\/\/iraildobarbosa.com.br\/cartoes\/","name":"Iraildo Cart\u00f5es","description":"O seu guia para maximizar os ganhos com cart\u00f5es de cr\u00e9dito. Junte-se \u00e0 comunidade!","publisher":{"@id":"https:\/\/iraildobarbosa.com.br\/cartoes\/#organization"},"potentialAction":[{"@type":"SearchAction","target":{"@type":"EntryPoint","urlTemplate":"https:\/\/iraildobarbosa.com.br\/cartoes\/?s={search_term_string}"},"query-input":{"@type":"PropertyValueSpecification","valueRequired":true,"valueName":"search_term_string"}}],"inLanguage":"pt-BR"},{"@type":"Organization","@id":"https:\/\/iraildobarbosa.com.br\/cartoes\/#organization","name":"Iraildo Cart\u00f5es","url":"https:\/\/iraildobarbosa.com.br\/cartoes\/","logo":{"@type":"ImageObject","inLanguage":"pt-BR","@id":"https:\/\/iraildobarbosa.com.br\/cartoes\/#\/schema\/logo\/image\/","url":"https:\/\/iraildobarbosa.com.br\/cartoes\/wp-content\/uploads\/2026\/02\/cropped-icon.png","contentUrl":"https:\/\/iraildobarbosa.com.br\/cartoes\/wp-content\/uploads\/2026\/02\/cropped-icon.png","width":512,"height":512,"caption":"Iraildo Cart\u00f5es"},"image":{"@id":"https:\/\/iraildobarbosa.com.br\/cartoes\/#\/schema\/logo\/image\/"}},{"@type":"Person","@id":"https:\/\/iraildobarbosa.com.br\/cartoes\/#\/schema\/person\/44a271fd026a0e2fd87a66929311cf85","name":"barbosairaildo","image":{"@type":"ImageObject","inLanguage":"pt-BR","@id":"https:\/\/secure.gravatar.com\/avatar\/3c7b7b890a1ad0ab9afd07eb02e4d3dfc1d865ed98b00381e55c5e8caa0d7e0b?s=96&d=mm&r=g","url":"https:\/\/secure.gravatar.com\/avatar\/3c7b7b890a1ad0ab9afd07eb02e4d3dfc1d865ed98b00381e55c5e8caa0d7e0b?s=96&d=mm&r=g","contentUrl":"https:\/\/secure.gravatar.com\/avatar\/3c7b7b890a1ad0ab9afd07eb02e4d3dfc1d865ed98b00381e55c5e8caa0d7e0b?s=96&d=mm&r=g","caption":"barbosairaildo"},"sameAs":["https:\/\/iraildobarbosa.com.br\/cartoes"],"url":"https:\/\/iraildobarbosa.com.br\/cartoes\/author\/barbosairaildo\/"}]}},"jetpack_featured_media_url":"https:\/\/iraildobarbosa.com.br\/cartoes\/wp-content\/uploads\/2024\/09\/gavel-2492011_1280.webp","jetpack_sharing_enabled":true,"_links":{"self":[{"href":"https:\/\/iraildobarbosa.com.br\/cartoes\/wp-json\/wp\/v2\/posts\/447","targetHints":{"allow":["GET"]}}],"collection":[{"href":"https:\/\/iraildobarbosa.com.br\/cartoes\/wp-json\/wp\/v2\/posts"}],"about":[{"href":"https:\/\/iraildobarbosa.com.br\/cartoes\/wp-json\/wp\/v2\/types\/post"}],"author":[{"embeddable":true,"href":"https:\/\/iraildobarbosa.com.br\/cartoes\/wp-json\/wp\/v2\/users\/1"}],"replies":[{"embeddable":true,"href":"https:\/\/iraildobarbosa.com.br\/cartoes\/wp-json\/wp\/v2\/comments?post=447"}],"version-history":[{"count":2,"href":"https:\/\/iraildobarbosa.com.br\/cartoes\/wp-json\/wp\/v2\/posts\/447\/revisions"}],"predecessor-version":[{"id":451,"href":"https:\/\/iraildobarbosa.com.br\/cartoes\/wp-json\/wp\/v2\/posts\/447\/revisions\/451"}],"wp:featuredmedia":[{"embeddable":true,"href":"https:\/\/iraildobarbosa.com.br\/cartoes\/wp-json\/wp\/v2\/media\/449"}],"wp:attachment":[{"href":"https:\/\/iraildobarbosa.com.br\/cartoes\/wp-json\/wp\/v2\/media?parent=447"}],"wp:term":[{"taxonomy":"category","embeddable":true,"href":"https:\/\/iraildobarbosa.com.br\/cartoes\/wp-json\/wp\/v2\/categories?post=447"},{"taxonomy":"post_tag","embeddable":true,"href":"https:\/\/iraildobarbosa.com.br\/cartoes\/wp-json\/wp\/v2\/tags?post=447"}],"curies":[{"name":"wp","href":"https:\/\/api.w.org\/{rel}","templated":true}]}}